{"id":619,"date":"2025-03-31T17:54:58","date_gmt":"2025-03-31T17:54:58","guid":{"rendered":"https:\/\/cores.org.br\/site\/?p=619"},"modified":"2025-03-31T17:54:58","modified_gmt":"2025-03-31T17:54:58","slug":"ja-estao-abertas-as-pre-inscricoes-para-as-etapas-regionais-da-iv-conferencia-estadual-dos-direitos-da-populacao-lgbtqiapn-de-pernambuco-x","status":"publish","type":"post","link":"https:\/\/cores.org.br\/site\/ja-estao-abertas-as-pre-inscricoes-para-as-etapas-regionais-da-iv-conferencia-estadual-dos-direitos-da-populacao-lgbtqiapn-de-pernambuco-x\/","title":{"rendered":"J\u00e1 est\u00e3o abertas as pr\u00e9-inscri\u00e7\u00f5es para as Etapas Regionais da IV Confer\u00eancia Estadual dos Direitos da Popula\u00e7\u00e3o LGBTQIAPN+ de Pernambuco! &#x1f3f3;&#xfe0f;&#x200d;&#x26a7;&#xfe0f;&#x1f3f3;&#xfe0f;&#x200d;&#x1f308;"},"content":{"rendered":"\n<p>O Governo de Pernambuco, por meio da Secretaria de Justi\u00e7a, Direitos Humanos e Preven\u00e7\u00e3o \u00e0 Viol\u00eancia (SJDH), em parceria com o Conselho Estadual dos Direitos da Popula\u00e7\u00e3o LGBTQIAPN+ de Pernambuco (CEDPLGBTQIAPN+\/PE), convida pessoas LGBTQIAPN+ e representantes das gest\u00f5es p\u00fablicas municipais a participarem deste importante momento de constru\u00e7\u00e3o coletiva!<br><br>Cinco Etapas Regionais ser\u00e3o realizadas: Agreste, Sert\u00f5es, Mata Norte, Mata Sul e Regi\u00e3o Metropolitana do Recife, elegendo delega\u00e7\u00f5es para a Etapa Estadual, que acontecer\u00e1 de 16 a 18 junho de 2025.<br><br>&#x1f4c6; Cronograma e cidades das etapas regionais:<br>1&#xfe0f;&#x20e3; Agreste: 26 de abril, em Caruaru \u2013 PE.<br>2&#xfe0f;&#x20e3; Sert\u00f5es: 10 de maio, em Serra Talhada \u2013 PE.<br>3&#xfe0f;&#x20e3; Mata Sul: 17 de maio, em Palmares \u2013 PE.<br>4&#xfe0f;&#x20e3; Mata Norte: 24 de maio, em Nazar\u00e9 da Mata \u2013 PE.<br>5&#xfe0f;&#x20e3; Regi\u00e3o Metropolitana do Recife: 31 de maio, em Paulista \u2013 PE.<br><br>&#x26a0;&#xfe0f; Importante:<br> &#x27a1; As etapas regionais s\u00e3o destinadas a pessoas LGBTQIAPN+ residentes em Pernambuco e representantes das gest\u00f5es municipais.<br> &#x27a1; Apenas representantes de munic\u00edpios que n\u00e3o realizarem confer\u00eancias municipais poder\u00e3o participar.<br> &#x27a1; As pr\u00e9-inscri\u00e7\u00f5es podem ser feitas at\u00e9 07 de abril de 2025, \u00e0s 12h.<br><br>&#x1f4cc; Confirma\u00e7\u00e3o de inscri\u00e7\u00e3o:<br> &#x2705; Etapa Regional \u2013 Agreste: at\u00e9 14 de abril de 2025.<br> &#x2705; Demais etapas regionais: at\u00e9 25 de abril de 2025.<br><br>&#x1f517; Acesse: <a href=\"http:\/\/www.sjdh.pe.gov.br\" data-type=\"link\" data-id=\"www.sjdh.pe.gov.br\">www.sjdh.pe.gov.br<\/a> (aba do CEDPLGBTQIAPN+\/PE) para se inscrever e conferir todas as informa\u00e7\u00f5es!<\/p>\n\n\n\n<p><\/p>\n","protected":false},"excerpt":{"rendered":"<p>O Governo de Pernambuco, por meio da Secretaria de Justi\u00e7a, Direitos Humanos e Preven\u00e7\u00e3o \u00e0 Viol\u00eancia (SJDH), em parceria com o Conselho Estadual dos Direitos da Popula\u00e7\u00e3o LGBTQIAPN+ de Pernambuco (CEDPLGBTQIAPN+\/PE), convida pessoas LGBTQIAPN+ e representantes das gest\u00f5es p\u00fablicas municipais a participarem deste importante momento de constru\u00e7\u00e3o coletiva! Cinco Etapas Regionais ser\u00e3o realizadas: Agreste, Sert\u00f5es, [&hellip;]<\/p>\n","protected":false},"author":2,"featured_media":624,"comment_status":"open","ping_status":"open","sticky":false,"template":"","format":"standard","meta":{"footnotes":""},"categories":[1],"tags":[],"class_list":["post-619","post","type-post","status-publish","format-standard","has-post-thumbnail","hentry","category-noticias"],"_links":{"self":[{"href":"https:\/\/cores.org.br\/site\/wp-json\/wp\/v2\/posts\/619","targetHints":{"allow":["GET"]}}],"collection":[{"href":"https:\/\/cores.org.br\/site\/wp-json\/wp\/v2\/posts"}],"about":[{"href":"https:\/\/cores.org.br\/site\/wp-json\/wp\/v2\/types\/post"}],"author":[{"embeddable":true,"href":"https:\/\/cores.org.br\/site\/wp-json\/wp\/v2\/users\/2"}],"replies":[{"embeddable":true,"href":"https:\/\/cores.org.br\/site\/wp-json\/wp\/v2\/comments?post=619"}],"version-history":[{"count":2,"href":"https:\/\/cores.org.br\/site\/wp-json\/wp\/v2\/posts\/619\/revisions"}],"predecessor-version":[{"id":625,"href":"https:\/\/cores.org.br\/site\/wp-json\/wp\/v2\/posts\/619\/revisions\/625"}],"wp:featuredmedia":[{"embeddable":true,"href":"https:\/\/cores.org.br\/site\/wp-json\/wp\/v2\/media\/624"}],"wp:attachment":[{"href":"https:\/\/cores.org.br\/site\/wp-json\/wp\/v2\/media?parent=619"}],"wp:term":[{"taxonomy":"category","embeddable":true,"href":"https:\/\/cores.org.br\/site\/wp-json\/wp\/v2\/categories?post=619"},{"taxonomy":"post_tag","embeddable":true,"href":"https:\/\/cores.org.br\/site\/wp-json\/wp\/v2\/tags?post=619"}],"curies":[{"name":"wp","href":"https:\/\/api.w.org\/{rel}","templated":true}]}}