{"id":552,"date":"2025-03-06T18:15:29","date_gmt":"2025-03-06T18:15:29","guid":{"rendered":"https:\/\/cores.org.br\/site\/?p=552"},"modified":"2025-03-06T18:15:29","modified_gmt":"2025-03-06T18:15:29","slug":"ativista-e-presidenta-da-ong-cores-brilha-no-desfile-da-paraiso-do-tuiuti-em-homenagem-a-xica-manicongo","status":"publish","type":"post","link":"https:\/\/cores.org.br\/site\/ativista-e-presidenta-da-ong-cores-brilha-no-desfile-da-paraiso-do-tuiuti-em-homenagem-a-xica-manicongo\/","title":{"rendered":"Ativista e presidenta da ONG Cores brilha no desfile da Para\u00edso do Tuiuti em homenagem a Xica Manicongo"},"content":{"rendered":"\n<p>Na noite hist\u00f3rica do Carnaval carioca, a ativista e presidenta da ONG Cores, Alzyr Brasileiro, brilhou na avenida ao lado de grandes nomes do movimento LGBTQIA+. Convidada pela escola de samba Para\u00edso do Tuiuti e pela Associa\u00e7\u00e3o Nacional de Travestis e Transexuais (ANTRA), atrav\u00e9s da presidenta Bruna Benevides, Alzyr fez parte da emocionante homenagem a Xica Manicongo, a primeira travesti n\u00e3o ind\u00edgena do Brasil.<br><br>Desfilando no carro aleg\u00f3rico \u201cTraviarcado\u201d, Alzyr dividiu espa\u00e7o com personalidades de grande relev\u00e2ncia na luta pelos direitos trans no Brasil, como a deputada federal Duda Salabert, Jovana Cardoso (FONATRANS), Dra. Keyla Simpson, Symmy Larrat (Secret\u00e1ria Nacional LGBTQIA+), Valeria Barcellos (atriz, cantora e escritora), Alicia Kruger (Minist\u00e9rio da Sa\u00fade) e as ic\u00f4nicas Aloma e Helo\u00edna.<br><br>O enredo \u201cQuem tem medo de Xica Manicongo?\u201d emocionou o p\u00fablico e marcou um momento de reconhecimento e celebra\u00e7\u00e3o da transcestralidade, levando para a avenida um grito de resist\u00eancia e orgulho. Para Alzyr, a experi\u00eancia foi indescrit\u00edvel:<br><br>\u201cAinda n\u00e3o dormi de tanta emo\u00e7\u00e3o! Estar nesse desfile hist\u00f3rico, ao lado de tantas refer\u00eancias da luta trans, \u00e9 um marco n\u00e3o s\u00f3 para mim, mas para toda a nossa comunidade. A Tuiuti fez muito mais do que um desfile: escreveu uma p\u00e1gina fundamental da nossa hist\u00f3ria no Carnaval e na luta por direitos.\u201d<br><br>A participa\u00e7\u00e3o de Alzyr e das demais personalidades refor\u00e7a a import\u00e2ncia da visibilidade trans no maior espet\u00e1culo da Terra, evidenciando que a luta por respeito e dignidade n\u00e3o tem fronteiras \u2014 e que a arte, o samba e o Carnaval tamb\u00e9m s\u00e3o espa\u00e7os de resist\u00eancia.<br><br>Viva Xica Manicongo! Viva a Tuiuti! Viva a luta trans!<br><br>Foto:&nbsp;Thiago&nbsp;Coacci<\/p>\n\n\n\n<p><\/p>\n\n\n\n<div class=\"wp-block-columns is-layout-flex wp-container-core-columns-is-layout-9d6595d7 wp-block-columns-is-layout-flex\">\n<div class=\"wp-block-column is-layout-flow wp-block-column-is-layout-flow\" style=\"flex-basis:100%\">\n<figure class=\"wp-block-gallery has-nested-images columns-default is-cropped wp-block-gallery-1 is-layout-flex wp-block-gallery-is-layout-flex\">\n<figure class=\"wp-block-image size-large\"><img loading=\"lazy\" decoding=\"async\" width=\"576\" height=\"1024\" data-id=\"556\" src=\"https:\/\/cores.org.br\/site\/wp-content\/uploads\/2025\/03\/foto-carnaval-cores-tuiuti-576x1024.jpg\" alt=\"\" class=\"wp-image-556\" srcset=\"https:\/\/cores.org.br\/site\/wp-content\/uploads\/2025\/03\/foto-carnaval-cores-tuiuti-576x1024.jpg 576w, https:\/\/cores.org.br\/site\/wp-content\/uploads\/2025\/03\/foto-carnaval-cores-tuiuti-169x300.jpg 169w, https:\/\/cores.org.br\/site\/wp-content\/uploads\/2025\/03\/foto-carnaval-cores-tuiuti-768x1366.jpg 768w, https:\/\/cores.org.br\/site\/wp-content\/uploads\/2025\/03\/foto-carnaval-cores-tuiuti-864x1536.jpg 864w, https:\/\/cores.org.br\/site\/wp-content\/uploads\/2025\/03\/foto-carnaval-cores-tuiuti.jpg 899w\" sizes=\"auto, (max-width: 576px) 100vw, 576px\" \/><\/figure>\n\n\n\n<figure class=\"wp-block-image size-large\"><img loading=\"lazy\" decoding=\"async\" width=\"768\" height=\"1024\" data-id=\"558\" src=\"https:\/\/cores.org.br\/site\/wp-content\/uploads\/2025\/03\/Imagem-do-WhatsApp-de-2025-03-05-as-15.40.13_3e761131-768x1024.jpg\" alt=\"\" class=\"wp-image-558\" srcset=\"https:\/\/cores.org.br\/site\/wp-content\/uploads\/2025\/03\/Imagem-do-WhatsApp-de-2025-03-05-as-15.40.13_3e761131-768x1024.jpg 768w, https:\/\/cores.org.br\/site\/wp-content\/uploads\/2025\/03\/Imagem-do-WhatsApp-de-2025-03-05-as-15.40.13_3e761131-225x300.jpg 225w, https:\/\/cores.org.br\/site\/wp-content\/uploads\/2025\/03\/Imagem-do-WhatsApp-de-2025-03-05-as-15.40.13_3e761131-1152x1536.jpg 1152w, https:\/\/cores.org.br\/site\/wp-content\/uploads\/2025\/03\/Imagem-do-WhatsApp-de-2025-03-05-as-15.40.13_3e761131.jpg 1200w\" sizes=\"auto, (max-width: 768px) 100vw, 768px\" \/><\/figure>\n\n\n\n<figure class=\"wp-block-image size-large\"><img loading=\"lazy\" decoding=\"async\" width=\"1024\" height=\"682\" data-id=\"561\" src=\"https:\/\/cores.org.br\/site\/wp-content\/uploads\/2025\/03\/Imagem-do-WhatsApp-de-2025-03-05-as-15.40.27_e3dd1822-1024x682.jpg\" alt=\"\" class=\"wp-image-561\" srcset=\"https:\/\/cores.org.br\/site\/wp-content\/uploads\/2025\/03\/Imagem-do-WhatsApp-de-2025-03-05-as-15.40.27_e3dd1822-1024x682.jpg 1024w, https:\/\/cores.org.br\/site\/wp-content\/uploads\/2025\/03\/Imagem-do-WhatsApp-de-2025-03-05-as-15.40.27_e3dd1822-300x200.jpg 300w, https:\/\/cores.org.br\/site\/wp-content\/uploads\/2025\/03\/Imagem-do-WhatsApp-de-2025-03-05-as-15.40.27_e3dd1822-768x512.jpg 768w, https:\/\/cores.org.br\/site\/wp-content\/uploads\/2025\/03\/Imagem-do-WhatsApp-de-2025-03-05-as-15.40.27_e3dd1822-1536x1023.jpg 1536w, https:\/\/cores.org.br\/site\/wp-content\/uploads\/2025\/03\/Imagem-do-WhatsApp-de-2025-03-05-as-15.40.27_e3dd1822.jpg 1600w\" sizes=\"auto, (max-width: 1024px) 100vw, 1024px\" \/><\/figure>\n\n\n\n<figure class=\"wp-block-image size-large\"><img loading=\"lazy\" decoding=\"async\" width=\"576\" height=\"1024\" data-id=\"557\" src=\"https:\/\/cores.org.br\/site\/wp-content\/uploads\/2025\/03\/Imagem-do-WhatsApp-de-2025-03-05-as-15.40.39_7b9dc4f7-576x1024.jpg\" alt=\"\" class=\"wp-image-557\" srcset=\"https:\/\/cores.org.br\/site\/wp-content\/uploads\/2025\/03\/Imagem-do-WhatsApp-de-2025-03-05-as-15.40.39_7b9dc4f7-576x1024.jpg 576w, https:\/\/cores.org.br\/site\/wp-content\/uploads\/2025\/03\/Imagem-do-WhatsApp-de-2025-03-05-as-15.40.39_7b9dc4f7-169x300.jpg 169w, https:\/\/cores.org.br\/site\/wp-content\/uploads\/2025\/03\/Imagem-do-WhatsApp-de-2025-03-05-as-15.40.39_7b9dc4f7-768x1366.jpg 768w, https:\/\/cores.org.br\/site\/wp-content\/uploads\/2025\/03\/Imagem-do-WhatsApp-de-2025-03-05-as-15.40.39_7b9dc4f7-864x1536.jpg 864w, https:\/\/cores.org.br\/site\/wp-content\/uploads\/2025\/03\/Imagem-do-WhatsApp-de-2025-03-05-as-15.40.39_7b9dc4f7.jpg 899w\" sizes=\"auto, (max-width: 576px) 100vw, 576px\" \/><\/figure>\n\n\n\n<figure class=\"wp-block-image size-large\"><img loading=\"lazy\" decoding=\"async\" width=\"576\" height=\"1024\" data-id=\"559\" src=\"https:\/\/cores.org.br\/site\/wp-content\/uploads\/2025\/03\/Imagem-do-WhatsApp-de-2025-03-05-as-15.40.39_74a5c9ac-576x1024.jpg\" alt=\"\" class=\"wp-image-559\" srcset=\"https:\/\/cores.org.br\/site\/wp-content\/uploads\/2025\/03\/Imagem-do-WhatsApp-de-2025-03-05-as-15.40.39_74a5c9ac-576x1024.jpg 576w, https:\/\/cores.org.br\/site\/wp-content\/uploads\/2025\/03\/Imagem-do-WhatsApp-de-2025-03-05-as-15.40.39_74a5c9ac-169x300.jpg 169w, https:\/\/cores.org.br\/site\/wp-content\/uploads\/2025\/03\/Imagem-do-WhatsApp-de-2025-03-05-as-15.40.39_74a5c9ac-768x1366.jpg 768w, https:\/\/cores.org.br\/site\/wp-content\/uploads\/2025\/03\/Imagem-do-WhatsApp-de-2025-03-05-as-15.40.39_74a5c9ac-864x1536.jpg 864w, https:\/\/cores.org.br\/site\/wp-content\/uploads\/2025\/03\/Imagem-do-WhatsApp-de-2025-03-05-as-15.40.39_74a5c9ac.jpg 899w\" sizes=\"auto, (max-width: 576px) 100vw, 576px\" \/><\/figure>\n\n\n\n<figure class=\"wp-block-image size-large\"><img loading=\"lazy\" decoding=\"async\" width=\"576\" height=\"1024\" data-id=\"560\" src=\"https:\/\/cores.org.br\/site\/wp-content\/uploads\/2025\/03\/Imagem-do-WhatsApp-de-2025-03-05-as-15.40.39_b7e82b72-576x1024.jpg\" alt=\"\" class=\"wp-image-560\" srcset=\"https:\/\/cores.org.br\/site\/wp-content\/uploads\/2025\/03\/Imagem-do-WhatsApp-de-2025-03-05-as-15.40.39_b7e82b72-576x1024.jpg 576w, https:\/\/cores.org.br\/site\/wp-content\/uploads\/2025\/03\/Imagem-do-WhatsApp-de-2025-03-05-as-15.40.39_b7e82b72-169x300.jpg 169w, https:\/\/cores.org.br\/site\/wp-content\/uploads\/2025\/03\/Imagem-do-WhatsApp-de-2025-03-05-as-15.40.39_b7e82b72-768x1366.jpg 768w, https:\/\/cores.org.br\/site\/wp-content\/uploads\/2025\/03\/Imagem-do-WhatsApp-de-2025-03-05-as-15.40.39_b7e82b72-864x1536.jpg 864w, https:\/\/cores.org.br\/site\/wp-content\/uploads\/2025\/03\/Imagem-do-WhatsApp-de-2025-03-05-as-15.40.39_b7e82b72.jpg 899w\" sizes=\"auto, (max-width: 576px) 100vw, 576px\" \/><\/figure>\n\n\n\n<figure class=\"wp-block-image size-large\"><img loading=\"lazy\" decoding=\"async\" width=\"576\" height=\"1024\" data-id=\"562\" src=\"https:\/\/cores.org.br\/site\/wp-content\/uploads\/2025\/03\/Imagem-do-WhatsApp-de-2025-03-05-as-15.40.39_b41d999e-576x1024.jpg\" alt=\"\" class=\"wp-image-562\" srcset=\"https:\/\/cores.org.br\/site\/wp-content\/uploads\/2025\/03\/Imagem-do-WhatsApp-de-2025-03-05-as-15.40.39_b41d999e-576x1024.jpg 576w, https:\/\/cores.org.br\/site\/wp-content\/uploads\/2025\/03\/Imagem-do-WhatsApp-de-2025-03-05-as-15.40.39_b41d999e-169x300.jpg 169w, https:\/\/cores.org.br\/site\/wp-content\/uploads\/2025\/03\/Imagem-do-WhatsApp-de-2025-03-05-as-15.40.39_b41d999e-768x1366.jpg 768w, https:\/\/cores.org.br\/site\/wp-content\/uploads\/2025\/03\/Imagem-do-WhatsApp-de-2025-03-05-as-15.40.39_b41d999e-864x1536.jpg 864w, https:\/\/cores.org.br\/site\/wp-content\/uploads\/2025\/03\/Imagem-do-WhatsApp-de-2025-03-05-as-15.40.39_b41d999e.jpg 899w\" sizes=\"auto, (max-width: 576px) 100vw, 576px\" \/><\/figure>\n<\/figure>\n<\/div>\n<\/div>\n","protected":false},"excerpt":{"rendered":"<p>Na noite hist\u00f3rica do Carnaval carioca, a ativista e presidenta da ONG Cores, Alzyr Brasileiro, brilhou na avenida ao lado de grandes nomes do movimento LGBTQIA+. Convidada pela escola de samba Para\u00edso do Tuiuti e pela Associa\u00e7\u00e3o Nacional de Travestis e Transexuais (ANTRA), atrav\u00e9s da presidenta Bruna Benevides, Alzyr fez parte da emocionante homenagem a [&hellip;]<\/p>\n","protected":false},"author":2,"featured_media":555,"comment_status":"open","ping_status":"open","sticky":false,"template":"","format":"standard","meta":{"footnotes":""},"categories":[1],"tags":[],"class_list":["post-552","post","type-post","status-publish","format-standard","has-post-thumbnail","hentry","category-noticias"],"_links":{"self":[{"href":"https:\/\/cores.org.br\/site\/wp-json\/wp\/v2\/posts\/552","targetHints":{"allow":["GET"]}}],"collection":[{"href":"https:\/\/cores.org.br\/site\/wp-json\/wp\/v2\/posts"}],"about":[{"href":"https:\/\/cores.org.br\/site\/wp-json\/wp\/v2\/types\/post"}],"author":[{"embeddable":true,"href":"https:\/\/cores.org.br\/site\/wp-json\/wp\/v2\/users\/2"}],"replies":[{"embeddable":true,"href":"https:\/\/cores.org.br\/site\/wp-json\/wp\/v2\/comments?post=552"}],"version-history":[{"count":2,"href":"https:\/\/cores.org.br\/site\/wp-json\/wp\/v2\/posts\/552\/revisions"}],"predecessor-version":[{"id":563,"href":"https:\/\/cores.org.br\/site\/wp-json\/wp\/v2\/posts\/552\/revisions\/563"}],"wp:featuredmedia":[{"embeddable":true,"href":"https:\/\/cores.org.br\/site\/wp-json\/wp\/v2\/media\/555"}],"wp:attachment":[{"href":"https:\/\/cores.org.br\/site\/wp-json\/wp\/v2\/media?parent=552"}],"wp:term":[{"taxonomy":"category","embeddable":true,"href":"https:\/\/cores.org.br\/site\/wp-json\/wp\/v2\/categories?post=552"},{"taxonomy":"post_tag","embeddable":true,"href":"https:\/\/cores.org.br\/site\/wp-json\/wp\/v2\/tags?post=552"}],"curies":[{"name":"wp","href":"https:\/\/api.w.org\/{rel}","templated":true}]}}